{"id":146,"date":"2016-04-27T17:22:23","date_gmt":"2016-04-27T16:22:23","guid":{"rendered":"http:\/\/laurentpierquin.com\/?p=146"},"modified":"2021-06-02T17:40:48","modified_gmt":"2021-06-02T16:40:48","slug":"new-york-2-ans-apres","status":"publish","type":"post","link":"https:\/\/laurentpierquin.com\/index.php\/2016\/04\/27\/new-york-2-ans-apres\/","title":{"rendered":"NEW-YORK 2 ANS APRES"},"content":{"rendered":"<p><!-- Google Tag Manager (noscript) --><br \/>\n<noscript><iframe loading=\"lazy\" src=\"https:\/\/www.googletagmanager.com\/ns.html?id=GTM-5ZFJQL\" height=\"0\" width=\"0\" style=\"display:none;visibility:hidden\"><\/iframe><\/noscript><br \/>\n<!-- End Google Tag Manager (noscript) --><\/p>\n<p style=\"text-align: center;\"><div class=\"su-dailymotion su-u-responsive-media-yes\"><iframe loading=\"lazy\" width=\"600\" height=\"400\" src=\"\/\/www.dailymotion.com\/embed\/video\/xad3wh?theme=eggplant&#038;foreground=%23CFCFCF&#038;highlight=%23834596&#038;background=%23000000?autoplay=0&amp;background=ffffff&amp;foreground=edfcff&amp;highlight=000000&amp;logo=1&amp;quality=480&amp;info=1\" frameborder=\"0\" allowfullscreen=\"true\" title=\"\"><\/iframe><\/div>\n<p style=\"text-align: justify;\"><a href=\"http:\/\/www.dailymotion.com\/video\/xad3wh_new-york-2-ans-apre-s_creation\" target=\"_blank\" rel=\"noopener noreferrer\">New York 2 ans apr\u00e8s<\/a>&nbsp;r\u00e9alis\u00e9&nbsp;par Laure Marie-Lano\u00e9 sur une mise en son et en texte de&nbsp;Laurent Pierquin<\/p>\n<h2>NEW-YORK 2 ANS APRES<\/h2>\n<p style=\"text-align: justify;\">Vous l&rsquo;aurez compris, ce film rassemble des prises de vue le la Grande Pomme, 2 ans apr\u00e8s la chute des tours jumelles.<\/p>\n<p style=\"text-align: justify;\">\u00ab\u00a0New York, 2 ans apr\u00e8s\u00a0\u00bb est une oeuvre collective n\u00e9e de la rencontre entre une r\u00e9alisatrice et un auteur compositeur. Ce film est fait pour penser dans le mouvement. Il renouvelle \u00e0 chaque projection la production des associations du spectateur. Comme si, \u00e0 chaque fois, il permettait d&rsquo;associer sur des \u00e9l\u00e9ments diff\u00e9rents. Cette diversit\u00e9 de lecture est ce qui constitue de fa\u00e7on indiscutable, la richesse de ce film de 12 minutes<\/p>\n<hr>\n","protected":false},"excerpt":{"rendered":"<p>New York 2 ans apr\u00e8s&nbsp;r\u00e9alis\u00e9&nbsp;par Laure Marie-Lano\u00e9 sur une mise en son et en texte de&nbsp;Laurent Pierquin NEW-YORK 2 ANS APRES Vous l&rsquo;aurez compris, ce film rassemble des prises de<a href=\"https:\/\/laurentpierquin.com\/index.php\/2016\/04\/27\/new-york-2-ans-apres\/\">&#8230; En savoir plus.<\/a><\/p>\n","protected":false},"author":1,"featured_media":91,"comment_status":"open","ping_status":"open","sticky":false,"template":"","format":"image","meta":{"footnotes":""},"categories":[4],"tags":[],"class_list":["post-146","post","type-post","status-publish","format-image","has-post-thumbnail","hentry","category-les-films","post_format-post-format-image"],"amp_enabled":true,"_links":{"self":[{"href":"https:\/\/laurentpierquin.com\/index.php\/wp-json\/wp\/v2\/posts\/146","targetHints":{"allow":["GET"]}}],"collection":[{"href":"https:\/\/laurentpierquin.com\/index.php\/wp-json\/wp\/v2\/posts"}],"about":[{"href":"https:\/\/laurentpierquin.com\/index.php\/wp-json\/wp\/v2\/types\/post"}],"author":[{"embeddable":true,"href":"https:\/\/laurentpierquin.com\/index.php\/wp-json\/wp\/v2\/users\/1"}],"replies":[{"embeddable":true,"href":"https:\/\/laurentpierquin.com\/index.php\/wp-json\/wp\/v2\/comments?post=146"}],"version-history":[{"count":9,"href":"https:\/\/laurentpierquin.com\/index.php\/wp-json\/wp\/v2\/posts\/146\/revisions"}],"predecessor-version":[{"id":748,"href":"https:\/\/laurentpierquin.com\/index.php\/wp-json\/wp\/v2\/posts\/146\/revisions\/748"}],"wp:featuredmedia":[{"embeddable":true,"href":"https:\/\/laurentpierquin.com\/index.php\/wp-json\/wp\/v2\/media\/91"}],"wp:attachment":[{"href":"https:\/\/laurentpierquin.com\/index.php\/wp-json\/wp\/v2\/media?parent=146"}],"wp:term":[{"taxonomy":"category","embeddable":true,"href":"https:\/\/laurentpierquin.com\/index.php\/wp-json\/wp\/v2\/categories?post=146"},{"taxonomy":"post_tag","embeddable":true,"href":"https:\/\/laurentpierquin.com\/index.php\/wp-json\/wp\/v2\/tags?post=146"}],"curies":[{"name":"wp","href":"https:\/\/api.w.org\/{rel}","templated":true}]}}