{"id":144,"date":"2016-04-27T17:59:32","date_gmt":"2016-04-27T16:59:32","guid":{"rendered":"http:\/\/laurentpierquin.com\/?p=144"},"modified":"2024-01-29T20:43:55","modified_gmt":"2024-01-29T19:43:55","slug":"le-requiem","status":"publish","type":"post","link":"https:\/\/laurentpierquin.com\/index.php\/2016\/04\/27\/le-requiem\/","title":{"rendered":"LE REQUIEM"},"content":{"rendered":"<p><!-- Google Tag Manager (noscript) --><br \/>\n<noscript><iframe loading=\"lazy\" src=\"https:\/\/www.googletagmanager.com\/ns.html?id=GTM-5ZFJQL\" height=\"0\" width=\"0\" style=\"display:none;visibility:hidden\"><\/iframe><\/noscript><br \/>\n<!-- End Google Tag Manager (noscript) --><\/p>\n<h2><strong>LE PROJET du REQUIEM<\/strong><\/h2>\n<p style=\"text-align: justify;\">Certains se sont \u00e9tonn\u00e9s de me voir choisir cette aventure du Requiem. Et plusieurs fois, la question \u00ab pourquoi un requiem ? \u00bb m\u2019a \u00e9t\u00e9 adress\u00e9e.<\/p>\n<p style=\"text-align: justify;\">Je dois confesser (pour rester dans le vocabulaire religieux) que je n\u2019en sais trop rien. Il y a t il un rapport avec le sacr\u00e9, avec le mythique et les l\u00e9gendaires compositeurs ayant laiss\u00e9 une trace avec leur perception du requiem ?<\/p>\n<p style=\"text-align: justify;\">Quoi qu\u2019il en soit, c\u2019est surtout \u00e0 la question \u00ab comment un requiem ? \u00bb que je me suis frott\u00e9 et donc, au sujet de laquelle, je peux apporter mon t\u00e9moignage.<\/p>\n<p style=\"text-align: justify;\">Le requiem, c\u2019est la mort, mais lorsque l\u2019on compose un requiem, il est difficile (et il n\u2019aura pas \u00e9t\u00e9 possible pour moi) de m\u2019extraire d\u2019une autre question, la mort de qui ? De qui voudrais je c\u00e9l\u00e9brer la mort ? A qui destinais je ce cadeau empoisonn\u00e9 ? Ce troc de dupes ?<\/p>\n<p style=\"text-align: justify;\">D\u00e9s les premiers instants, j\u2019ai ressenti le requiem comme une musique vivante. Il me vient avec le recul qu\u2019elle pourrait servir la m\u00e9moire d\u2019un cher disparu de mes anc\u00eatres g\u00e9n\u00e9tiques ou spirituels (quelqu\u2019un \u00e9loign\u00e9 de moi par le temps ou l\u2019espace) Mais pour \u00eatre juste, alors que je composais, c\u2019\u00e9tait dans le pr\u00e9sent que ces morceaux avaient un sens.<\/p>\n<p style=\"text-align: justify;\">C\u2019est tout naturellement que je me retrouve \u00e0 faire le tour des personnes ch\u00e8res, au d\u00e9c\u00e8s desquels pourrait r\u00e9pondre le requiem.<\/p>\n<p style=\"text-align: justify;\">Mais tel un boomerang, j\u2019ai pris en face cette projection de leur mort pour arriv\u00e9e, de rebond en rebond, jusqu\u2019\u00e0 la mienne.<\/p>\n<p style=\"text-align: justify;\">J\u2019\u00e9tais des lors engag\u00e9 dans une course contre la montre, finir avant d\u2019\u00eatre fini.<\/p>\n<p style=\"text-align: justify;\">C\u2019est l\u00e0 que l\u2019exp\u00e9rience \u00e0 pris une dimension d\u2019\u00e9prouv\u00e9 quasi permanent. Au del\u00e0 de ce que j\u2019aurais pu imaginer de cette aventure.<\/p>\n<p style=\"text-align: justify;\">La red\u00e9couverte de l\u2019urgence. Une urgence \u00e0 cr\u00e9er, pour vivre au del\u00e0 de ma mort. Une urgence \u00e0 vivre pour cr\u00e9er et aller au terme de cette cr\u00e9ation.<\/p>\n<p style=\"text-align: justify;\">Ce travail est une course avec la mort et \u00e0 ce jour, alors que le requiem est compos\u00e9 mais pas interpr\u00e9t\u00e9, non encore donn\u00e9 \u00e0 entendre, la course demeure inachev\u00e9e. Serait-il encore possible de la perdre ? Que je quitte ce monde avant d\u2019avoir mis au monde et entendu le chant de cet enfant terrible ? Non car tout vient en son temps ! Et je souris d\u00e9j\u00e0 \u00e0 l&rsquo;id\u00e9e du cadeau qui me sera fait d&rsquo;entendre cette ultime caresse&#8230;<\/p>\n<p style=\"text-align: justify;\">Le requiem c\u2019est aussi et\u00a0<strong>pour l&rsquo;instant<\/strong>, 3 \u00e9tapes de travail<\/p>\n<p style=\"text-align: justify;\">Une premi\u00e8re \u00e9tape d\u2019\u00e9criture \u00e0 l\u2019\u00e2ge de 25 ans.<\/p>\n<p style=\"text-align: justify;\">Une seconde \u00e0 l\u2019\u00e2ge de 35 ans pour la mise au propre des partitions afin qu&rsquo;elles soient lisible par un orchestre professionnel.<\/p>\n<p style=\"text-align: justify;\">Une troisi\u00e8me \u00e0 celui de 40 ans avec le lancement progressif du financement permettant l&rsquo;enregistrement en studio \u00e0 Skopj\u00e9 par le FAME&rsquo;S PROJECT.<\/p>\n<p>D\u00e9sormais, le CD est grav\u00e9, il est disponible. Mais l&rsquo;aventure s&rsquo;arr\u00eate elle L\u00e0 ?<\/p>\n<p>Si vous \u00eates un Orchestre ou une chorale int\u00e9ress\u00e9e par cette composition, j&rsquo;ai une id\u00e9e suppl\u00e9mentaire \u00e0 vous proposer. Un concept auquel je r\u00e9fl\u00e9chis depuis quelques temps d\u00e9j\u00e0. <a href=\"contact@laurentpierquin.com\">Prenez contact avec moi.\u00a0<\/a><\/p>\n<hr \/>\n<h2><strong>DECOUVREZ ET CHANTEZ LE REQUIEM<\/strong><\/h2>\n<p>En terme d&rsquo;effectif, une formation entre 15 et 20 musiciens est suffisante.<br \/>\nLes cordes : violon I et II, violon alto, violoncelle et contrebasse<br \/>\nLes bois : Fl\u00fbte I et II, hautbois, clarinette, basson, (pr\u00e9voir peut \u00eatre que certaines parties soient jou\u00e9es par une clarinette en do ou une clarinette basse, ainsi que certaines autres par un cor anglais.<br \/>\nLes cuivres : cor et trompette sur certains morceaux<br \/>\nPercussion : cloche, timpani, caisse claire, cymbale, l\u00e0 aussi r\u00e9partis sur certains morceaux.<br \/>\nConcernant les choeurs, l&rsquo;\u00e9criture originale est pour un choeur d&rsquo;homme mais les voix peuvent \u00eatre r\u00e9parties pour un choeur mixte ou un choeur de femmes.<br \/>\nLe Pie Jesu et l\u2019Agnus Dei utilisent les comp\u00e9tences d&rsquo;un soliste(t\u00e9nor).<br \/>\nLa dur\u00e9e du requiem est d&rsquo;environ 20 minutes.<br \/>\nConcernant le niveau de comp\u00e9tence requise, un niveau d&rsquo;amateur s\u00e9rieux semble un minimum pour les choeurs et pour ce qui est des instrumentistes, il faut des professionnels (surtout pour la partie de trompette).<\/p>\n<p>Un extrait est disponible en partition et en MP3 a l&rsquo;adresse\u00a0<a href=\"mailto:contact@laurentpierquin.com\" data-cke-saved-href=\"mailto:contact@laurentpierquin.com\">contact@laurentpierquin.com<\/a><\/p>\n<hr \/>\n<p style=\"text-align: center;\">\n","protected":false},"excerpt":{"rendered":"<p>LE PROJET du REQUIEM Certains se sont \u00e9tonn\u00e9s de me voir choisir cette aventure du Requiem. Et plusieurs fois, la question \u00ab pourquoi un requiem ? \u00bb m\u2019a \u00e9t\u00e9 adress\u00e9e.<a href=\"https:\/\/laurentpierquin.com\/index.php\/2016\/04\/27\/le-requiem\/\">&#8230; En savoir plus.<\/a><\/p>\n","protected":false},"author":1,"featured_media":0,"comment_status":"open","ping_status":"open","sticky":false,"template":"","format":"image","meta":{"footnotes":""},"categories":[1],"tags":[],"class_list":["post-144","post","type-post","status-publish","format-image","hentry","category-non-classe","post_format-post-format-image"],"amp_enabled":true,"_links":{"self":[{"href":"https:\/\/laurentpierquin.com\/index.php\/wp-json\/wp\/v2\/posts\/144","targetHints":{"allow":["GET"]}}],"collection":[{"href":"https:\/\/laurentpierquin.com\/index.php\/wp-json\/wp\/v2\/posts"}],"about":[{"href":"https:\/\/laurentpierquin.com\/index.php\/wp-json\/wp\/v2\/types\/post"}],"author":[{"embeddable":true,"href":"https:\/\/laurentpierquin.com\/index.php\/wp-json\/wp\/v2\/users\/1"}],"replies":[{"embeddable":true,"href":"https:\/\/laurentpierquin.com\/index.php\/wp-json\/wp\/v2\/comments?post=144"}],"version-history":[{"count":6,"href":"https:\/\/laurentpierquin.com\/index.php\/wp-json\/wp\/v2\/posts\/144\/revisions"}],"predecessor-version":[{"id":787,"href":"https:\/\/laurentpierquin.com\/index.php\/wp-json\/wp\/v2\/posts\/144\/revisions\/787"}],"wp:attachment":[{"href":"https:\/\/laurentpierquin.com\/index.php\/wp-json\/wp\/v2\/media?parent=144"}],"wp:term":[{"taxonomy":"category","embeddable":true,"href":"https:\/\/laurentpierquin.com\/index.php\/wp-json\/wp\/v2\/categories?post=144"},{"taxonomy":"post_tag","embeddable":true,"href":"https:\/\/laurentpierquin.com\/index.php\/wp-json\/wp\/v2\/tags?post=144"}],"curies":[{"name":"wp","href":"https:\/\/api.w.org\/{rel}","templated":true}]}}